

{"id":9793,"date":"2025-05-30T19:40:36","date_gmt":"2025-05-30T17:40:36","guid":{"rendered":"https:\/\/www.naturalcastello.com\/?p=9793"},"modified":"2025-05-30T19:41:28","modified_gmt":"2025-05-30T17:41:28","slug":"la-grenade-fruit-proprietes","status":"publish","type":"post","link":"https:\/\/www.naturalcastello.com\/fr\/la-grenade-fruit-proprietes\/","title":{"rendered":"La grenade: propri\u00e9t\u00e9s et valeur nutritionnelle"},"content":{"rendered":"<div class=\"wpb-content-wrapper\"><p>[vc_row][vc_column][vc_column_text css=&#8221;&#8221;]<\/p>\n<h2>Introduction<\/h2>\n<p>D\u00e8s septembre, nous pouvons commencer \u00e0 savourer la grenade (<i>Punica granatum<\/i>), un <strong>fruit issu du grenadier<\/strong>. Sa peau est \u00e9paisse, d&#8217;un brun rouge\u00e2tre, et elle renferme \u00e0 l&#8217;int\u00e9rieur des graines anguleuses et dures, chacune entour\u00e9e d&#8217;une pulpe juteuse qui peut \u00eatre rose, rouge ou d&#8217;un blanc jaun\u00e2tre p\u00e2le. La saison de r\u00e9colte s&#8217;\u00e9tend de septembre \u00e0 janvier. <strong>Sa pleine saison se situe au c\u0153ur de l&#8217;automne.<\/strong><\/p>\n<p>Gr\u00e2ce \u00e0 sa peau \u00e9paisse, c&#8217;est un fruit qui se conserve bien pendant plusieurs mois et qui r\u00e9siste tr\u00e8s bien au transport.<\/p>\n<h2>Composition nutritionnelle de la grenade<\/h2>\n<p>En raison de sa forte teneur en eau, c&#8217;est un <strong>fruit peu calorique<\/strong> avec une <strong>faible teneur en glucides<\/strong>. Le min\u00e9ral le plus notable est le <strong>potassium<\/strong>, qui intervient dans la transmission et la g\u00e9n\u00e9ration de l&#8217;influx nerveux, <strong>soutenant l&#8217;activit\u00e9 musculaire de l&#8217;organisme<\/strong> et contribuant \u00e0 l&#8217;\u00e9quilibre \u00e9lectrolytique des cellules.<\/p>\n<p>Elle est donc <strong>recommand\u00e9e pour les personnes souffrant d&#8217;hypertension art\u00e9rielle<\/strong>, bien que sa consommation soit contre-indiqu\u00e9e pour les personnes atteintes d&#8217;insuffisance r\u00e9nale, car l&#8217;apport en potassium doit \u00eatre contr\u00f4l\u00e9.<\/p>\n<p>En ce qui concerne les vitamines, elle contient des <strong>vitamines C et E<\/strong>, mais pas en quantit\u00e9s importantes \u2013 de nombreux fruits en contiennent davantage.<\/p>\n<p>Les substances les plus remarquables sur le plan nutritionnel dans la grenade sont les <strong>tanins<\/strong>, qui ont des <strong>propri\u00e9t\u00e9s astringentes et anti-inflammatoires<\/strong>, notamment pour le tube digestif. Ils sont indiqu\u00e9s en cas de coliques, de flatulences, de diarrh\u00e9e et pour les estomacs d\u00e9licats. La pr\u00e9sence d&#8217;acide malique contribue \u00e9galement \u00e0 cet effet.<\/p>\n<p>La grenade apporte \u00e9galement de l&#8217;<strong>acide citrique<\/strong>, qui aide \u00e0 \u00e9liminer l&#8217;acide urique et ses sels en cas de calculs r\u00e9naux, d&#8217;hyperuric\u00e9mie ou de goutte.<\/p>\n<p>Sa couleur rouge est due aux flavono\u00efdes \u2013 des pigments v\u00e9g\u00e9taux aux propri\u00e9t\u00e9s antioxydantes et antiseptiques. Cette capacit\u00e9 <strong>antioxydante<\/strong> aide \u00e0 neutraliser les radicaux libres nocifs dans l&#8217;organisme.<\/p>\n<table>\n<tbody>\n<tr>\n<td colspan=\"2\"><b>GRENADE<\/b><\/td>\n<\/tr>\n<tr>\n<td>kcal<\/td>\n<td>34<\/td>\n<\/tr>\n<tr>\n<td>Eau<\/td>\n<td>89<\/td>\n<\/tr>\n<tr>\n<td>Prot\u00e9ines (g)<\/td>\n<td>0,7<\/td>\n<\/tr>\n<tr>\n<td>Lipides (g)<\/td>\n<td>0,3<\/td>\n<\/tr>\n<tr>\n<td>Glucides (g)<\/td>\n<td>7,5<\/td>\n<\/tr>\n<tr>\n<td>Fibres (g)<\/td>\n<td>0,2<\/td>\n<\/tr>\n<tr>\n<td>Potassium (mg)<\/td>\n<td>275<\/td>\n<\/tr>\n<tr>\n<td>Phosphore (mg)<\/td>\n<td>15<\/td>\n<\/tr>\n<tr>\n<td>Calcium (mg)<\/td>\n<td>8<\/td>\n<\/tr>\n<tr>\n<td>Vitamine C (g)<\/td>\n<td>5,7<\/td>\n<\/tr>\n<tr>\n<td>Vitamine A (\u00b5g)<\/td>\n<td>3,5<\/td>\n<\/tr>\n<\/tbody>\n<\/table>\n<p>Tableau de composition des aliments par Mataix Verd\u00fa (\u00e9d.)<\/p>\n<h2>Comment choisir les grenades<\/h2>\n<p><strong>Id\u00e9alement, choisissez des fruits sans coupures ni meurtrissures<\/strong>. Si la peau est rid\u00e9e, cela signifie qu&#8217;elle a \u00e9t\u00e9 r\u00e9colt\u00e9e depuis un certain temps et qu&#8217;elle pourrait ne plus avoir toutes les propri\u00e9t\u00e9s qu&#8217;elle avait fra\u00eechement cueillie ou qu&#8217;elle a \u00e9t\u00e9 ramass\u00e9e trop tard.<\/p>\n<p>La peau doit \u00eatre ferme et dure, d&#8217;une couleur rouge vif avec quelques tons brun\u00e2tres. Elles sont g\u00e9n\u00e9ralement assez lourdes pour leur taille.<\/p>\n<p>Elles peuvent \u00eatre conserv\u00e9es \u00e0 temp\u00e9rature ambiante, \u00e0 l&#8217;abri des sources de chaleur.<\/p>\n<h2>Comment manger la grenade<\/h2>\n<p>Retirer les graines est une corv\u00e9e pour beaucoup, mais c&#8217;est en fait facile. Il suffit de couper le fruit en deux et de tapoter la peau pour que les graines tombent dans un bol. Une cuill\u00e8re ou le c\u00f4t\u00e9 plat d&#8217;un pilon peuvent aider.<\/p>\n<p>L&#8217;une des fa\u00e7ons les plus simples de savourer ce fruit est tout simplement de <strong>manger les graines \u00e0 la cuill\u00e8re<\/strong>. Quelques gouttes de jus de citron peuvent rehausser sa saveur.<\/p>\n<p>Vous pouvez \u00e9galement faire du <strong>jus de grenade<\/strong>, bien que je d\u00e9conseille g\u00e9n\u00e9ralement les jus \u2013 si vous \u00e9liminez les fibres, cela n&#8217;en vaut pas la peine. Ce fruit n&#8217;est pas particuli\u00e8rement riche en fibres, il est donc dommage de gaspiller le peu qu&#8217;il contient.<\/p>\n<p>Vous pouvez r\u00e9aliser de d\u00e9licieuses <strong>salades<\/strong>, l&#8217;ajouter \u00e0 des g\u00e9noises ou des muffins, ou pr\u00e9parer de jolis petits pots de yaourt ou de fromage blanc avec des graines de grenade.<\/p>\n<p>Comme pour tous les fruits de saison, profitez de sa pleine saison en automne pour savourer toutes ses qualit\u00e9s organoleptiques.<\/p>\n<p>[\/vc_column_text][\/vc_column][\/vc_row]<\/p>\n<\/div>","protected":false},"excerpt":{"rendered":"<p>En automne, savourez la grenade, un fruit \u00e0 la peau \u00e9paisse renfermant des graines juteuses. Peu calorique et riche en potassium, elle est b\u00e9n\u00e9fique pour la tension art\u00e9rielle. Ses tanins et antioxydants offrent des propri\u00e9t\u00e9s digestives et protectrices. Choisissez des grenades fermes et color\u00e9es. D\u00e9gustez ses graines nature, en jus (avec mod\u00e9ration pour les fibres) ou dans des salades et desserts.<\/p>\n","protected":false},"author":2,"featured_media":9794,"comment_status":"open","ping_status":"open","sticky":false,"template":"","format":"standard","meta":{"_seopress_robots_primary_cat":"none","_seopress_titles_title":"%%post_title%%","_seopress_titles_desc":"%%post_excerpt%%","_seopress_robots_index":"","inline_featured_image":false,"footnotes":""},"categories":[1],"tags":[],"class_list":["post-9793","post","type-post","status-publish","format-standard","has-post-thumbnail","hentry","category-sin-categoria"],"_links":{"self":[{"href":"https:\/\/www.naturalcastello.com\/fr\/wp-json\/wp\/v2\/posts\/9793","targetHints":{"allow":["GET"]}}],"collection":[{"href":"https:\/\/www.naturalcastello.com\/fr\/wp-json\/wp\/v2\/posts"}],"about":[{"href":"https:\/\/www.naturalcastello.com\/fr\/wp-json\/wp\/v2\/types\/post"}],"author":[{"embeddable":true,"href":"https:\/\/www.naturalcastello.com\/fr\/wp-json\/wp\/v2\/users\/2"}],"replies":[{"embeddable":true,"href":"https:\/\/www.naturalcastello.com\/fr\/wp-json\/wp\/v2\/comments?post=9793"}],"version-history":[{"count":2,"href":"https:\/\/www.naturalcastello.com\/fr\/wp-json\/wp\/v2\/posts\/9793\/revisions"}],"predecessor-version":[{"id":9797,"href":"https:\/\/www.naturalcastello.com\/fr\/wp-json\/wp\/v2\/posts\/9793\/revisions\/9797"}],"wp:featuredmedia":[{"embeddable":true,"href":"https:\/\/www.naturalcastello.com\/fr\/wp-json\/wp\/v2\/media\/9794"}],"wp:attachment":[{"href":"https:\/\/www.naturalcastello.com\/fr\/wp-json\/wp\/v2\/media?parent=9793"}],"wp:term":[{"taxonomy":"category","embeddable":true,"href":"https:\/\/www.naturalcastello.com\/fr\/wp-json\/wp\/v2\/categories?post=9793"},{"taxonomy":"post_tag","embeddable":true,"href":"https:\/\/www.naturalcastello.com\/fr\/wp-json\/wp\/v2\/tags?post=9793"}],"curies":[{"name":"wp","href":"https:\/\/api.w.org\/{rel}","templated":true}]}}